[{"@context":"https:\/\/schema.org\/","@type":"Article","@id":"https:\/\/protocz.cz\/mame-se-spatne\/#Article","mainEntityOfPage":"https:\/\/protocz.cz\/mame-se-spatne\/","headline":"M\u00e1me se \u0161patn\u011b?","name":"M\u00e1me se \u0161patn\u011b?","description":"Pokud se pod\u00edv\u00e1me jen na finan\u010dn\u00ed str\u00e1nku a odhl\u00e9dneme od v\u00e1le\u010dn\u00fdch konflikt\u016f, mus\u00edme objektivn\u011b \u0159\u00edct, \u017ee v \u010cesk\u00e9 republice se finan\u010dn\u011b m\u00e1me mnohem l\u00e9pe, ne\u017e se m\u00e1 v\u011bt\u0161ina lid\u00ed na sv\u011bt\u011b. Pat\u0159\u00edme mezi mal\u00e9 procento lid\u00ed, kte\u0159\u00ed maj\u00ed st\u0159echu nad hlavou, tekouc\u00ed pitnou vodu a dodatek j\u00eddla. Jen\u017ee s j\u00eddlem roste chu\u0165 a m\u016f\u017ee za [&hellip;]","datePublished":"2026-03-03","dateModified":"2026-03-03","author":{"@type":"Person","@id":"https:\/\/protocz.cz\/author\/#Person","name":"","url":"https:\/\/protocz.cz\/author\/","identifier":1,"image":{"@type":"ImageObject","@id":"https:\/\/secure.gravatar.com\/avatar\/2d2e3fdaba6370eba756fb4048c695326686ff29010a0df4d58b27c20544521d?s=96&d=mm&r=g","url":"https:\/\/secure.gravatar.com\/avatar\/2d2e3fdaba6370eba756fb4048c695326686ff29010a0df4d58b27c20544521d?s=96&d=mm&r=g","height":96,"width":96}},"publisher":{"@type":"Organization","name":"protocz.cz","logo":{"@type":"ImageObject","@id":"\/logo.png","url":"\/logo.png","width":600,"height":60}},"image":{"@type":"ImageObject","@id":"https:\/\/protocz.cz\/wp-content\/uploads\/money-4625328_640_10_5.jpg","url":"https:\/\/protocz.cz\/wp-content\/uploads\/money-4625328_640_10_5.jpg","height":0,"width":0},"url":"https:\/\/protocz.cz\/mame-se-spatne\/","about":["Ekonomika"],"wordCount":419,"articleBody":"           Pokud se pod\u00edv\u00e1me jen na finan\u010dn\u00ed str\u00e1nku a odhl\u00e9dneme od v\u00e1le\u010dn\u00fdch konflikt\u016f, mus\u00edme objektivn\u011b \u0159\u00edct, \u017ee v \u010cesk\u00e9 republice se finan\u010dn\u011b m\u00e1me mnohem l\u00e9pe, ne\u017e se m\u00e1 v\u011bt\u0161ina lid\u00ed na sv\u011bt\u011b. Pat\u0159\u00edme mezi mal\u00e9 procento lid\u00ed, kte\u0159\u00ed maj\u00ed st\u0159echu nad hlavou, tekouc\u00ed pitnou vodu a dodatek j\u00eddla. Jen\u017ee s j\u00eddlem roste chu\u0165 a m\u016f\u017ee za to i rozmach soci\u00e1ln\u00edch s\u00edt\u00ed, kde n\u00e1m n\u011bkte\u0159\u00ed ukazuj\u00ed, \u017ee kdo ne\u017eije jako oni, je chud\u00e1k. Jen\u017ee kdo z oby\u010dejn\u00fdch lid\u00ed vyd\u011bl\u00e1v\u00e1 tolik pen\u011bz, aby mohl n\u011bkolikr\u00e1t ro\u010dn\u011b na luxusn\u00ed dovolenou, denn\u011b se stravovat v nejlep\u0161\u00edch restaurac\u00edch, vlastnil n\u011bkolik luxusn\u00edch nemovitost\u00ed a vozidel a je\u0161t\u011b mu zbylo na ka\u017edodenn\u00ed luxusn\u00ed n\u00e1kupy? Takov\u00e1 realita je realitou jen pro minimum lid\u00ed a rozhodn\u011b to nen\u00ed standard. Ale \u010desk\u00fd standard rozhodn\u011b n\u00edzk\u00fd nen\u00ed.I kdy\u017e v\u0161echno zdra\u017euje a m\u00e1me tu pom\u011brn\u011b vysokou inflaci, nen\u00ed tak lehk\u00e9 se dostat na ulici. Asi \u017eiji v jin\u00e9 zemi, ale obecn\u011b m\u00e1m za to, \u017ee se u n\u00e1s m\u00e1me dost dob\u0159e. V podstat\u011b ka\u017ed\u00fd, kdo chce pracovat, si pr\u00e1ci d\u0159\u00edve \u010di pozd\u011bji najde. A pokud ne, st\u00e1t jej zabezpe\u010d\u00ed alespo\u0148 natolik, aby neum\u0159el hlady. N\u011bkte\u0159\u00ed zapom\u00ednaj\u00ed, \u017ee soci\u00e1ln\u00ed d\u00e1vky nemaj\u00ed nahrazovat plnohodnotn\u00e9 p\u0159\u00edjmy ze zam\u011bstn\u00e1n\u00ed.Pokud u n\u00e1s \u010dlov\u011bk chod\u00ed do pr\u00e1ce a plat\u00ed bydlen\u00ed, vyskakovat si rozhodn\u011b nem\u016f\u017ee. Ceny nemovitost\u00ed i n\u00e1jm\u016f jsou vysok\u00e9 a \u010dasto rodin\u00e1m nesta\u010d\u00ed ani dva p\u0159\u00edjmy na to, aby rodiny poplatily v\u0161echno, co je pot\u0159eba. I p\u0159esto se tu ale m\u00e1me opravdu v\u00edc ne\u017e dob\u0159e, a kdo si to neuv\u011bdomuje, m\u011bl by si toho za\u010d\u00edt v\u00e1\u017eit. V\u00fd\u010det st\u00e1tn\u00ed soci\u00e1ln\u00ed pomoci je u n\u00e1s opravdu velmi \u0161irok\u00fd. Ano, je pravda, \u017ee n\u011bkte\u0159\u00ed se nau\u010dili vyu\u017e\u00edvat \u0161t\u011bdr\u00fd soci\u00e1ln\u00ed syst\u00e9m a ten jim to umo\u017e\u0148uje, ale to nic nem\u011bn\u00ed na tom, \u017ee se opravdu nestane ze dne na den, \u017ee by n\u011bkdo skon\u010dil na ulici, pokud se sna\u017e\u00ed svoji situaci aktivn\u011b \u0159e\u0161it. Jen\u017ee jednodu\u0161\u0161\u00ed je v\u0161echno nechat na posledn\u00ed chv\u00edli a potom se divit n\u00e1sledk\u016fm.                                                                                                                                                                                                                                                                                                                                                                                                  "},{"@context":"https:\/\/schema.org\/","@type":"BreadcrumbList","itemListElement":[{"@type":"ListItem","position":1,"name":"M\u00e1me se \u0161patn\u011b?","item":"https:\/\/protocz.cz\/mame-se-spatne\/#breadcrumbitem"}]}]