[{"@context":"https:\/\/schema.org\/","@type":"Article","@id":"https:\/\/protocz.cz\/k-narozeninam\/#Article","mainEntityOfPage":"https:\/\/protocz.cz\/k-narozeninam\/","headline":"K narozenin\u00e1m","name":"K narozenin\u00e1m","description":"Narozeniny va\u0161eho man\u017eela se kvapem bl\u00ed\u017e\u00ed a vy st\u00e1le je\u0161t\u011b nejste rozhodnuta, kde po\u0159\u00edd\u00edte jeho vysn\u011bn\u00fd d\u00e1rek? V jak\u00e9m autosalonu mu po\u0159\u00edd\u00edte v\u016fz, kter\u00fd si u\u017e dlouho p\u0159eje? Moc dob\u0159e v\u00edte, \u017ee v\u00e1\u0161 man\u017eel u\u017e l\u00e9ta sn\u00ed o koupi jeho obl\u00edben\u00e9ho Volkswagenu. V\u017edy\u0165 u\u017e n\u011bkolik let nemluv\u00ed o ni\u010dem jin\u00e9m. Nyn\u00ed kone\u010dn\u011b nastal \u010das, kdy [&hellip;]","datePublished":"2025-03-28","dateModified":"2025-03-28","author":{"@type":"Person","@id":"https:\/\/protocz.cz\/author\/#Person","name":"","url":"https:\/\/protocz.cz\/author\/","identifier":1,"image":{"@type":"ImageObject","@id":"https:\/\/secure.gravatar.com\/avatar\/2d2e3fdaba6370eba756fb4048c695326686ff29010a0df4d58b27c20544521d?s=96&d=mm&r=g","url":"https:\/\/secure.gravatar.com\/avatar\/2d2e3fdaba6370eba756fb4048c695326686ff29010a0df4d58b27c20544521d?s=96&d=mm&r=g","height":96,"width":96}},"publisher":{"@type":"Organization","name":"protocz.cz","logo":{"@type":"ImageObject","@id":"\/logo.png","url":"\/logo.png","width":600,"height":60}},"url":"https:\/\/protocz.cz\/k-narozeninam\/","wordCount":176,"articleBody":"Narozeniny va\u0161eho man\u017eela se kvapem bl\u00ed\u017e\u00ed a vy st\u00e1le je\u0161t\u011b nejste rozhodnuta, kde po\u0159\u00edd\u00edte jeho vysn\u011bn\u00fd d\u00e1rek? V jak\u00e9m autosalonu mu po\u0159\u00edd\u00edte v\u016fz, kter\u00fd si u\u017e dlouho p\u0159eje? Moc dob\u0159e v\u00edte, \u017ee v\u00e1\u0161 man\u017eel u\u017e l\u00e9ta sn\u00ed o koupi jeho obl\u00edben\u00e9ho Volkswagenu. V\u017edy\u0165 u\u017e n\u011bkolik let nemluv\u00ed o ni\u010dem jin\u00e9m. Nyn\u00ed kone\u010dn\u011b nastal \u010das, kdy jste se ho jako spr\u00e1vn\u00e1 man\u017eelka rozhodla pot\u011b\u0161it t\u00edm nejv\u011bt\u0161\u00edm mo\u017en\u00fdm d\u00e1rkem. St\u00e1lo v\u00e1s p\u0159eci hodn\u011b \u010dasu na\u0161et\u0159it dostatek pen\u011bz na tak n\u00e1kladn\u00fd dar. Ale co byste pro sv\u00e9ho mu\u017ee neud\u011blala.Nejlep\u0161\u00ed volbaTe\u010f u\u017e jen naj\u00edt ten nejlep\u0161\u00ed autosalon. Pokud chcete takov\u00fd, kde budete m\u00edt zaru\u010den\u00fd prodejn\u00ed i poprodejn\u00ed servis, jasn\u00e1 volba pro v\u00e1s je n\u00e1\u0161 CAR POINT Karlovy Vary, kde se specializujeme pr\u00e1v\u011b na prodej t\u00e9to obl\u00edben\u00e9 zna\u010dky.                                                                                                                                                                                                                                                                                                                                                                                                "},{"@context":"https:\/\/schema.org\/","@type":"BreadcrumbList","itemListElement":[{"@type":"ListItem","position":1,"name":"K narozenin\u00e1m","item":"https:\/\/protocz.cz\/k-narozeninam\/#breadcrumbitem"}]}]